{"id":10819,"date":"2026-03-09T10:27:44","date_gmt":"2026-03-09T09:27:44","guid":{"rendered":"http:\/\/www.rassemblementcitoyen.org\/?p=10819"},"modified":"2026-03-10T10:29:29","modified_gmt":"2026-03-10T09:29:29","slug":"ascq-1944-ne-jamais-oublier","status":"publish","type":"post","link":"http:\/\/www.rassemblementcitoyen.org\/?p=10819","title":{"rendered":"ASCQ 1944\u2026 NE JAMAIS OUBLIER !"},"content":{"rendered":"\n<figure class=\"wp-block-image size-full\"><img loading=\"lazy\" decoding=\"async\" width=\"768\" height=\"576\" src=\"http:\/\/www.rassemblementcitoyen.org\/wp-content\/uploads\/2026\/03\/IMG_1500-768x576-1.jpeg\" alt=\"\" class=\"wp-image-10820\" srcset=\"http:\/\/www.rassemblementcitoyen.org\/wp-content\/uploads\/2026\/03\/IMG_1500-768x576-1.jpeg 768w, http:\/\/www.rassemblementcitoyen.org\/wp-content\/uploads\/2026\/03\/IMG_1500-768x576-1-300x225.jpeg 300w, http:\/\/www.rassemblementcitoyen.org\/wp-content\/uploads\/2026\/03\/IMG_1500-768x576-1-150x113.jpeg 150w, http:\/\/www.rassemblementcitoyen.org\/wp-content\/uploads\/2026\/03\/IMG_1500-768x576-1-600x450.jpeg 600w\" sizes=\"auto, (max-width: 768px) 100vw, 768px\" \/><\/figure>\n\n\n\n<p>C\u2019est le 13 juillet 1947 que le Pr\u00e9sident de la R\u00e9publique Vincent Auriol posa la premi\u00e8re pierre du Tertre des Massacres en hommage aux 86 civils fusilles le 1 avril 1944 par des troupes de la SS \u2026avec , \u00e0 ses c\u00f4t\u00e9s , Francois Mitterrand alors Ministre des anciens combattants et victimes de guerre qui y revint plusieurs fois , en particulier en 1983 en tant que Pr\u00e9sident de la R\u00e9publique C\u2019est le 29 mars prochain , au lendemain de l\u2019\u00e9lection d\u2019un nouveau maire , qu\u2019ASCQ vivra le 82eme anniversaire du massacre des Rameaux 1944 \u2026avec moi dans la foule comme en 1976 lors de son 32 eme\u2026..quelques semaines apr\u00e8s ma premi\u00e8re \u00e9lection. <\/p>\n\n\n\n<p>\u00ab\u00a0la boucle sera pour moi alors boucl\u00e9e\u00a0\u00bb<\/p>\n","protected":false},"excerpt":{"rendered":"<p>C\u2019est le 13 juillet 1947 que le Pr\u00e9sident de la R\u00e9publique Vincent Auriol posa la premi\u00e8re pierre du Tertre des Massacres en hommage aux 86 civils fusilles le 1 avril 1944 par des troupes de la SS \u2026avec , \u00e0 ses c\u00f4t\u00e9s , Francois Mitterrand alors Ministre des anciens combattants et victimes de guerre qui &hellip; <\/p>\n<p><a class=\"more-link btn\" href=\"http:\/\/www.rassemblementcitoyen.org\/?p=10819\">Continue reading<\/a><\/p>\n","protected":false},"author":1,"featured_media":0,"comment_status":"closed","ping_status":"open","sticky":false,"template":"","format":"standard","meta":{"footnotes":""},"categories":[6],"tags":[],"class_list":["post-10819","post","type-post","status-publish","format-standard","hentry","category-actualite","nodate","item-wrap"],"_links":{"self":[{"href":"http:\/\/www.rassemblementcitoyen.org\/index.php?rest_route=\/wp\/v2\/posts\/10819","targetHints":{"allow":["GET"]}}],"collection":[{"href":"http:\/\/www.rassemblementcitoyen.org\/index.php?rest_route=\/wp\/v2\/posts"}],"about":[{"href":"http:\/\/www.rassemblementcitoyen.org\/index.php?rest_route=\/wp\/v2\/types\/post"}],"author":[{"embeddable":true,"href":"http:\/\/www.rassemblementcitoyen.org\/index.php?rest_route=\/wp\/v2\/users\/1"}],"replies":[{"embeddable":true,"href":"http:\/\/www.rassemblementcitoyen.org\/index.php?rest_route=%2Fwp%2Fv2%2Fcomments&post=10819"}],"version-history":[{"count":1,"href":"http:\/\/www.rassemblementcitoyen.org\/index.php?rest_route=\/wp\/v2\/posts\/10819\/revisions"}],"predecessor-version":[{"id":10821,"href":"http:\/\/www.rassemblementcitoyen.org\/index.php?rest_route=\/wp\/v2\/posts\/10819\/revisions\/10821"}],"wp:attachment":[{"href":"http:\/\/www.rassemblementcitoyen.org\/index.php?rest_route=%2Fwp%2Fv2%2Fmedia&parent=10819"}],"wp:term":[{"taxonomy":"category","embeddable":true,"href":"http:\/\/www.rassemblementcitoyen.org\/index.php?rest_route=%2Fwp%2Fv2%2Fcategories&post=10819"},{"taxonomy":"post_tag","embeddable":true,"href":"http:\/\/www.rassemblementcitoyen.org\/index.php?rest_route=%2Fwp%2Fv2%2Ftags&post=10819"}],"curies":[{"name":"wp","href":"https:\/\/api.w.org\/{rel}","templated":true}]}}