{"id":10816,"date":"2026-03-10T10:22:53","date_gmt":"2026-03-10T09:22:53","guid":{"rendered":"http:\/\/www.rassemblementcitoyen.org\/?p=10816"},"modified":"2026-03-10T10:22:54","modified_gmt":"2026-03-10T09:22:54","slug":"vous-avez-dit-troisieme-guerre-mondiale","status":"publish","type":"post","link":"http:\/\/www.rassemblementcitoyen.org\/?p=10816","title":{"rendered":"VOUS AVEZ DIT \u00ab\u00a0TROISI\u00c8ME GUERRE MONDIALE\u00a0\u00bb ?"},"content":{"rendered":"\n<figure class=\"wp-block-image size-full\"><img loading=\"lazy\" decoding=\"async\" width=\"900\" height=\"500\" src=\"http:\/\/www.rassemblementcitoyen.org\/wp-content\/uploads\/2026\/03\/Article_Conflits-mondiaux_2.webp\" alt=\"\" class=\"wp-image-10817\" srcset=\"http:\/\/www.rassemblementcitoyen.org\/wp-content\/uploads\/2026\/03\/Article_Conflits-mondiaux_2.webp 900w, http:\/\/www.rassemblementcitoyen.org\/wp-content\/uploads\/2026\/03\/Article_Conflits-mondiaux_2-300x167.webp 300w, http:\/\/www.rassemblementcitoyen.org\/wp-content\/uploads\/2026\/03\/Article_Conflits-mondiaux_2-150x83.webp 150w, http:\/\/www.rassemblementcitoyen.org\/wp-content\/uploads\/2026\/03\/Article_Conflits-mondiaux_2-768x427.webp 768w, http:\/\/www.rassemblementcitoyen.org\/wp-content\/uploads\/2026\/03\/Article_Conflits-mondiaux_2-600x333.webp 600w\" sizes=\"auto, (max-width: 900px) 100vw, 900px\" \/><\/figure>\n\n\n\n<p>Quand depuis le 24 f\u00e9vrier 2022 avec l\u2019invasion, heureusement contenue , d\u2019une partie de l\u2019Ukraine par la Russie de Poutine, le 7 octobre 2023 avec les massacres terroristes sanguinaires en Isra\u00ebl perp\u00e9tr\u00e9s\u00a0 depuis GAZA par le HAMAS et maintenant les bombardements de l\u2019Iran depuis une dizaine de jours suivis de ceux de l\u2019IRAN sur les pays arabes du Moyen Orient , sur Isra\u00ebl\u2026 bien s\u00fbr, et m\u00eame sur Chypre\u2026<\/p>\n\n\n\n<p><strong>Certains (voire beaucoup) de ceux qui me lisent et qui m\u2019\u00e9coutent quand j\u2019\u00e9cris et que je dis qu\u2019 \u00ab une troisi\u00e8me guerre mondiale \u00bb est peut-\u00eatre d\u00e9j\u00e0 commenc\u00e9e, pensent que j\u2019exag\u00e8re et que ce qui se passe actuellement \u00ab n\u2019a rien \u00e0 voir \u00bb avec ce qu\u2019ont \u00e9t\u00e9 les \u00ab deux guerres mondiales \u00bb du 20<sup>\u00e8me<\/sup>\u00a0si\u00e8cle,\u00a0<\/strong> s\u2019il n\u2019ont sans doute pas tort quand ils pensent qu\u2019aucune guerre n\u2019est identique \u00e0 une autre, <strong>ils se trompent quand ils refusent d\u2019admettre\u00a0 la possibilit\u00e9\u00a0 que nous sommes peut-\u00eatre d\u00e9j\u00e0 entr\u00e9s dans une guerre qui se mondialise heure par heure\u2026\u00a0<\/strong><\/p>\n\n\n\n<p>Ce qui s\u2019\u00e9tait d\u00e9j\u00e0 produit , certes plus lentement , avant et apr\u00e8s 1914, comme avant et apr\u00e8s 1939\u2026 ce que je vais essayer de d\u00e9montrer\u2026 tout en esp\u00e9rant moi m\u00eame me tromper..<\/p>\n\n\n\n<p><strong>Si je veux aujourd\u2019hui, en effet, rappeler en termes de calendriers \u00ab\u00a0des \u00e9l\u00e9ments de compr\u00e9hension et d\u2019explication\u00a0\u00bb,\u00a0<\/strong> <strong>c\u2019est pour en appeler \u00e0 la vigilance \u00ab des t\u00e9moins que nous sommes \u00bb\u00a0<\/strong> qui, comme \u00a0\u00bb les t\u00e9moins\u00a0\u00bb d\u2019avant 1914 et d\u2019avant 1939 l\u2019ont \u00e9t\u00e9\u2026, <strong>ne sont pas des historiens<\/strong>\u00a0<strong>qui n\u2019\u00e9crivent l\u2019histoire de chaque guerre qu\u2019apr\u00e8s qu\u2019elle soit termin\u00e9e<\/strong>,et donc en sachant \u00ab quand elle a commenc\u00e9e \u00bb, \u00ab quand elle s\u2019est termin\u00e9e \u00bb\u2026 et \u00ab qui l\u2019a gagn\u00e9 \u00bb\u2026, mais des t\u00e9moins alors et encore aujourd\u2019hui\u00a0 de ce qui se passe sans savoir comment cela va \u00e9voluer et donc sans savoir ce qui va se passer\u2026 ni m\u00eame quand\u2026<\/p>\n\n\n\n<p><strong>J\u2019introduirai cette r\u00e9flexion qui ouvre pour moi \u00ab\u00a0un cycle d\u2019\u00e9critures\u00a0\u00bb qui meublera une partie du temps qui se sera lib\u00e9r\u00e9 dans une vingtaine de jours avec l\u2019\u00e9lection de mon (ou de ma) successeur(e)\u00a0<\/strong> par le rappel du fait av\u00e9r\u00e9 que la guerre 14 \/ 18 n\u2019a \u00e9t\u00e9 qualifi\u00e9e de \u00ab mondiale \u00bb qu\u2019apr\u00e8s 1945 quand ce termina, le 2 septembre \u00a0 celle qu\u2019on baptisa alors ainsi de \u00ab deuxi\u00e8me guerre mondiale \u00bb.<\/p>\n\n\n\n<p>Jusque-l\u00e0\u00a0<strong>en effet , la guerre de 1914 \/ 1918 s\u2019appela \u00ab la Grande guerre europ\u00e9enne \u00bb,\u00a0<\/strong>d\u2019autant plus que les am\u00e9ricains n\u2019y particip\u00e8rent \u00e0 nos c\u00f4t\u00e9s, qu\u2019\u00e0 partir du printemps 1918\u2026quelques mois donc avant sa fin le 11 novembre.<\/p>\n\n\n\n<p><strong>Quant \u00e0 celle qui fut appel\u00e9e, une fois termin\u00e9e, \u00ab Deuxi\u00e8me guerre mondiale \u00bb,\u00a0<\/strong> si la plupart des fran\u00e7ais d\u2019alors n\u2019en ont vraiment \u00ab ressenti \u00bb l\u2019existence qu\u2019\u00e0 partir du 10 mai 1940 quand l\u2019Allemagne nazi commen\u00e7a \u00e0 envahir le Luxembourg, la Belgique, les Pays Bas et\u00a0 la France en moins de 6 semaines , une France qui, occup\u00e9e sur les 3\/4 de son territoire, signa un armistice le 22 juin cr\u00e9ant aux c\u00f4t\u00e9s de \u00ab la France occup\u00e9e \u00bb, \u00ab\u00a0l\u2019\u00c9tat Fran\u00e7ais\u00a0\u00bb du Mar\u00e9chal P\u00e9tain qui, depuis Vichy, collabora avec les nazis jusqu\u2019\u00e0 la lib\u00e9ration de l\u2019ensemble du territoire Fran\u00e7ais en 1944\u2026,,<strong>elle \u00e9tait , cette guerre, d\u00e9j\u00e0 commenc\u00e9e bien avant\u2026 \u00e0 minima\u00a0 le 1<sup>er<\/sup>\u00a0septembre 1939, quand, l\u2019Allemagne envahissant la<\/strong>\u00a0<strong>Pologne<\/strong>,\u00a0<strong>Fran\u00e7ais et Britanniques d\u00e9claraient la guerre \u00e0 l\u2019Allemagne (avec\u00a0 mobilisation \u00e0 l\u2019appui)<\/strong>, mais bien avant comme je vais le rappeler avec le calendrier ci-apr\u00e8s.<\/p>\n\n\n\n<p>\u00b7\u00a0 <strong>2 octobre 1935 \u2013\u00a0<\/strong>L\u2019Italie fasciste envahit l\u2019\u00c9thiopie.<\/p>\n\n\n\n<p>\u00b7\u00a0\u00a0<strong>25 octobre 1935 \u2013<\/strong>\u00a0L\u2019Allemagne nazie et l\u2019Italie fasciste signent un trait\u00e9 de coop\u00e9ration et l\u2019axe \u00ab\u00a0Rome \u2013 Berlin\u00a0\u00bb est proclam\u00e9 le 1<sup>er<\/sup>novembre.<\/p>\n\n\n\n<p>\u00b7\u00a0 <strong>25 novembre 1936 \u2013<\/strong>\u00a0L\u2019Allemagne nazie et le Japon imp\u00e9rial\u00a0signent le pacte dirig\u00e9 contre l\u2019Union sovi\u00e9tique.<\/p>\n\n\n\n<p>\u00b7\u00a0\u00a0<strong>7 juillet 1937 <\/strong> &#8211; Le Japon envahit la Chine.<\/p>\n\n\n\n<p>\u00b7\u00a0\u00a0<strong>11-13 mars 1938 \u2013\u00a0<\/strong> L\u2019Allemagne absorbe l\u2019Autriche au cours de l\u2019Anschluss.<\/p>\n\n\n\n<p>\u00b7\u00a0\u00a0\u00a0<strong>29 septembre 1938 \u2013<\/strong> L\u2019Allemagne, l\u2019Italie, la Grande-Bretagne et la France signent les accords de Munich,<strong>\u00a0<\/strong>obligeant la R\u00e9publique Tch\u00e9coslovaque \u00a0\u00e0 c\u00e9der \u00e0 l\u2019Allemagne nazie les Sud\u00e8tes et des positions cl\u00e9s de sa d\u00e9fense.<\/p>\n\n\n\n<p>\u00b7\u00a0\u00a0<strong>14-15 mars 1939 \u2013<\/strong> Les Allemands occupent les terres tch\u00e8ques d\u00e9mantel\u00e9es en violation des accords de Munich.<\/p>\n\n\n\n<p>\u00b7\u00a0\u00a0\u00a0<strong>31 mars 1939 \u2013\u00a0<\/strong> La France et la Grande-Bretagne garantissent l\u2019int\u00e9gralit\u00e9 de l\u2019\u00c9tat polonais.<\/p>\n\n\n\n<p>\u00b7\u00a0\u00a0\u00a0<strong>7-15 avril 1939<\/strong>\u00a0\u2013\u00a0 L\u2019Italie fasciste envahit l\u2019Albanie.<\/p>\n\n\n\n<p>\u00b7\u00a0\u00a0\u00a0<strong>23 ao\u00fbt 1939 \u2013\u00a0<\/strong>L\u2019Allemagne nazie et l\u2019Union sovi\u00e9tique communiste signent un \u00a0\u00bb pacte \u00a0\u00bb de non agression<strong>\u00a0<\/strong>et un protocole qui partage\u00a0 entre eux l\u2019Europe orientale en sph\u00e8res d\u2019influences.<\/p>\n\n\n\n<p>\u00b7\u00a0\u00a0\u00a0<strong>1<sup>er<\/sup>\u00a0septembre 1939 <\/strong>&#8211; \u00a0L\u2019Allemagne envahit la Pologne.<\/p>\n\n\n\n<p>\u00b7\u00a0\u00a0\u00a0<strong>3 septembre 1939 <\/strong> &#8211; \u00ab Honorant leur garantie donn\u00e9e la Pologne \u00bb, la Grande-Bretagne et la France d\u00e9clarent la guerre \u00e0 l\u2019Allemagne.<\/p>\n\n\n\n<p>\u00b7\u00a0\u00a0\u00a0\u00a0<strong>17 septembre 1939<\/strong>\u00a0\u2013\u00a0 L\u2019Union sovi\u00e9tique envahit la Pologne.<\/p>\n\n\n\n<p>\u00b7\u00a0\u00a0\u00a0\u00a0<strong>28 septembre 1939<\/strong>\u00a0\u00a0&#8211; Varsovie de rend. L\u2019Allemagne et l\u2019Union sovi\u00e9tique se partagent la Pologne.<\/p>\n\n\n\n<p>\u00b7\u00a0\u00a0\u00a0\u00a0<strong>30 novembre 1939 \u2013 12 mars 1940 \u2013\u00a0<\/strong>\u00a0L\u2019Union sovi\u00e9tique envahit la Finlande et d\u00e9clenche ce qu\u2019on appellera la \u00ab guerre d\u2019hiver \u00bb.<\/p>\n\n\n\n<p>\u00b7\u00a0\u00a0\u00a0\u00a0<strong>9 avril 1940-9 juin 1940 \u2013\u00a0<\/strong>\u00a0L\u2019Allemagne envahit le Danemark et la Norv\u00e8ge.<\/p>\n\n\n\n<p>\u00b7\u00a0\u00a0\u00a0<strong>10 mai 1940 \/ 22 juin 1940 \u2013\u00a0<\/strong>L\u2019Allemagneattaque l\u2019Europe occidentale<strong>,\u00a0<\/strong>la France et les pays (neutres) du Benelux (Belgique, Pays-Bas et Luxembourg). Le Luxembourg est occup\u00e9 le 10 mai, les Pays-Bas capitulent le 14 mai, et la Belgique le 28 mai.\u00a0<\/p>\n\n\n\n<p>&nbsp; &nbsp; &nbsp; &nbsp;Le 22 juin, la France signe un armistice selon lequel les Allemands occupent la moiti\u00e9 nord du pays et toute la c\u00f4te atlantique tandis que dans le sud du pays, un r\u00e9gime collaborationniste ayant Vichy pour capitale est \u00e9tabli.<\/p>\n\n\n\n<p>\u00b7\u00a0\u00a0\u00a0<strong>21 juin 1940 \u2013<\/strong> \u00a0L\u2019Italie<strong>\u00a0<\/strong>envahit le sud de la France.<\/p>\n\n\n\n<p>\u00b7\u00a0\u00a0\u00a0<strong>28 juin 1940 \u2013\u00a0<\/strong> L\u2019Union sovi\u00e9tique force la Roumanie \u00e0 c\u00e9der deux de ses provinces.<\/p>\n\n\n\n<p>\u00b7\u00a0\u00a0\u00a0<strong>14 juin 1940 \/ 6 ao\u00fbt 1940 \u2013\u00a0<\/strong>L\u2019Union sovi\u00e9tique occupe les \u00c9tats baltes (Estonie, Lettonie, et Lituanie). y fomente des coups d\u2019\u00c9tats communistes\u00a0 et les annexe en tant que r\u00e9publiques sovi\u00e9tiques.<\/p>\n\n\n\n<p><strong>Si&nbsp; en juillet et ao\u00fbt 1940 d\u2019ailleurs, la guerre \u00e9tait rest\u00e9e encore largement \u00ab europ\u00e9enne \u00bb&nbsp;<\/strong><\/p>\n\n\n\n<p>il fallut attendre pour qu\u2019elle se mondialise davantage , le 22 juin 1941 pour que l\u2019Allemagne nazie , rompant le pacte germano-sovi\u00e9tique ,envahisse l\u2019U.R.S.S.,\u00a0 le 7 d\u00e9cembre 1941<strong>\u00a0<\/strong>et le bombardement de Pearl Harbor suivi le<strong>\u00a0<\/strong>8 d\u00e9cembre<strong>\u00a0<\/strong>de la d\u00e9claration de guerre des \u00c9tats-Unis au Japon,\u00a0 et le 11 d\u00e9cembre<strong>\u00a0<\/strong>de celle des nazis aux \u00c9tats-Unis.<\/p>\n\n\n\n<p><strong>Je passe sur la suite de l\u2019extension mondiale du conflit en rappelant qu\u2019il y a m\u00eame deux dates de \u00ab fin \u00bb pour cette \u00ab deuxi\u00e8me guerre mondiale \u00bb<\/strong> <strong>le 8 mai 1945\u00a0<\/strong>(la plus connue et celle qui \u00ab compte pour nous \u00bb Fran\u00e7ais et Europ\u00e9ens) <strong>mais aussi le 2 septembre 1945 avec la \u00ab capitulation sans condition \u00bb du Japon\u00a0<\/strong> apr\u00e8s une bombe atomique lanc\u00e9e sur Hiroshima et une autre, le 9 ao\u00fbt, sur Nagasaki.<\/p>\n\n\n\n<p><strong>Autrement dit\u2026 m\u00eame si personne ne le dit \u00ab la deuxi\u00e8me guerre mondiale \u00bb fut aussi la premi\u00e8re guerre atomique\u2026<\/strong><\/p>\n\n\n\n<p><strong>Arriv\u00e9 \u00e0 ce stade\u2026 je ne pense pas que quiconque ne puisse pas au moins se demander si on n\u2019est pas d\u00e9j\u00e0 entr\u00e9 dans\u00a0une \u00ab Troisi\u00e8me guerre mondiale \u00bb\u00a0<\/strong> d\u2019autant plus que s\u2019y ajoute une \u00ab\u00a0guerre de religion\u00a0\u00bb\u2026 (qui n\u2019existait pas dans aucune des \u00ab\u00a0deux premi\u00e8res\u00a0\u00bb guerres europ\u00e9ennes)\u00a0 sans oublier que la \u00ab mondialisation \u00bb exacerb\u00e9e de ces derni\u00e8res d\u00e9cennies provoque dans les heures et les jours qui suivent chaque nouvelle \u00e9tape des conflits, des cons\u00e9quences et de lourds d\u00e9sordres plan\u00e9taires\u2026<\/p>\n\n\n\n<p><strong>\u00a0\u00c0 suivre donc\u2026 \u00ab si vous le voulez bien\u2026 \u00bb\u00a0 (comme disait Lucien Jeunesse) \u2026<\/strong><\/p>\n\n\n\n<p>____________________________________________<\/p>\n\n\n\n<p>PS \/ \u00ab<strong>&nbsp;Et pendant ce temps-l\u00e0 \u00bb (comme chantait Gilbert B\u00e9caud\u2026),&nbsp;<\/strong><\/p>\n\n\n\n<p>Quand je constate aujourd\u2019hui que \u00a0\u00bb notre monde politique\u00a0\u00bb fran\u00e7ais ne pense qu\u2019aux \u00e9lections municipales\u00a0 (pour essayer d\u2019 y gagner quelques si\u00e8ges \u00e0 n\u2019importe quel prix )\u00a0tandis que\u00a0 deux dizaines de leurs \u00ab pseudo-leaders \u00bb se d\u00e9clarent d\u00e9j\u00e0 candidat(e)s aux \u00e9lections Pr\u00e9sidentielles de 2027<\/p>\n\n\n\n<p><strong> \u2026 je me dis \u00ab qu\u2019on est mal barr\u00e9\u2026 \u00bb<\/strong><\/p>\n\n\n\n<p><\/p>\n","protected":false},"excerpt":{"rendered":"<p>Quand depuis le 24 f\u00e9vrier 2022 avec l\u2019invasion, heureusement contenue , d\u2019une partie de l\u2019Ukraine par la Russie de Poutine, le 7 octobre 2023 avec les massacres terroristes sanguinaires en Isra\u00ebl perp\u00e9tr\u00e9s\u00a0 depuis GAZA par le HAMAS et maintenant les bombardements de l\u2019Iran depuis une dizaine de jours suivis de ceux de l\u2019IRAN sur les &hellip; <\/p>\n<p><a class=\"more-link btn\" href=\"http:\/\/www.rassemblementcitoyen.org\/?p=10816\">Continue reading<\/a><\/p>\n","protected":false},"author":1,"featured_media":0,"comment_status":"closed","ping_status":"open","sticky":false,"template":"","format":"standard","meta":{"footnotes":""},"categories":[6],"tags":[],"class_list":["post-10816","post","type-post","status-publish","format-standard","hentry","category-actualite","nodate","item-wrap"],"_links":{"self":[{"href":"http:\/\/www.rassemblementcitoyen.org\/index.php?rest_route=\/wp\/v2\/posts\/10816","targetHints":{"allow":["GET"]}}],"collection":[{"href":"http:\/\/www.rassemblementcitoyen.org\/index.php?rest_route=\/wp\/v2\/posts"}],"about":[{"href":"http:\/\/www.rassemblementcitoyen.org\/index.php?rest_route=\/wp\/v2\/types\/post"}],"author":[{"embeddable":true,"href":"http:\/\/www.rassemblementcitoyen.org\/index.php?rest_route=\/wp\/v2\/users\/1"}],"replies":[{"embeddable":true,"href":"http:\/\/www.rassemblementcitoyen.org\/index.php?rest_route=%2Fwp%2Fv2%2Fcomments&post=10816"}],"version-history":[{"count":1,"href":"http:\/\/www.rassemblementcitoyen.org\/index.php?rest_route=\/wp\/v2\/posts\/10816\/revisions"}],"predecessor-version":[{"id":10818,"href":"http:\/\/www.rassemblementcitoyen.org\/index.php?rest_route=\/wp\/v2\/posts\/10816\/revisions\/10818"}],"wp:attachment":[{"href":"http:\/\/www.rassemblementcitoyen.org\/index.php?rest_route=%2Fwp%2Fv2%2Fmedia&parent=10816"}],"wp:term":[{"taxonomy":"category","embeddable":true,"href":"http:\/\/www.rassemblementcitoyen.org\/index.php?rest_route=%2Fwp%2Fv2%2Fcategories&post=10816"},{"taxonomy":"post_tag","embeddable":true,"href":"http:\/\/www.rassemblementcitoyen.org\/index.php?rest_route=%2Fwp%2Fv2%2Ftags&post=10816"}],"curies":[{"name":"wp","href":"https:\/\/api.w.org\/{rel}","templated":true}]}}