{"id":10813,"date":"2026-03-06T14:07:23","date_gmt":"2026-03-06T13:07:23","guid":{"rendered":"http:\/\/www.rassemblementcitoyen.org\/?p=10813"},"modified":"2026-03-06T14:07:24","modified_gmt":"2026-03-06T13:07:24","slug":"des-chiffres-et-des-lettres","status":"publish","type":"post","link":"http:\/\/www.rassemblementcitoyen.org\/?p=10813","title":{"rendered":"Des chiffres et des lettres"},"content":{"rendered":"\n<figure class=\"wp-block-image size-large is-resized\"><img loading=\"lazy\" decoding=\"async\" width=\"1024\" height=\"676\" src=\"http:\/\/www.rassemblementcitoyen.org\/wp-content\/uploads\/2026\/03\/Villeneuve-dAscq-1024x676.jpg\" alt=\"\" class=\"wp-image-10814\" style=\"width:818px;height:auto\" srcset=\"http:\/\/www.rassemblementcitoyen.org\/wp-content\/uploads\/2026\/03\/Villeneuve-dAscq-1024x676.jpg 1024w, http:\/\/www.rassemblementcitoyen.org\/wp-content\/uploads\/2026\/03\/Villeneuve-dAscq-300x198.jpg 300w, http:\/\/www.rassemblementcitoyen.org\/wp-content\/uploads\/2026\/03\/Villeneuve-dAscq-150x99.jpg 150w, http:\/\/www.rassemblementcitoyen.org\/wp-content\/uploads\/2026\/03\/Villeneuve-dAscq-768x507.jpg 768w, http:\/\/www.rassemblementcitoyen.org\/wp-content\/uploads\/2026\/03\/Villeneuve-dAscq-600x396.jpg 600w, http:\/\/www.rassemblementcitoyen.org\/wp-content\/uploads\/2026\/03\/Villeneuve-dAscq.jpg 1200w\" sizes=\"auto, (max-width: 1024px) 100vw, 1024px\" \/><\/figure>\n\n\n\n<p>Si , il y aura un mois apr\u00e8s-demain, <strong>j\u2019avais annonc\u00e9 dans mon 900<sup>\u00e8me<\/sup>\u00a0carnet du 7 f\u00e9vier que ce serait mon dernier carnet avant les \u00e9lections municipales\u00a0<\/strong>avec \u00ab simplement quand m\u00eame \u00bb, la mise sur mon blog , de ma lettre aux villeneuvoises et aux villeneuvois du 27 f\u00e9vrier pour leur rappeler que\u00a0<strong>seule la liste EPVA 2026 , avec \u00e0 sa t\u00e8te Sylvain ESTAGER , a mon soutien,\u00a0 ma confiance et ma participation pour ne pas voir \u00ab brader \u00bb, sinon pire, 50 ans d\u2019actions collectives qui nous ont fait passer de Lille-Est \u00e0 \u00ab\u00a0Villeneuve d\u2019Ascq Ville Olympique\u00a0\u00bb<\/strong>. <\/p>\n\n\n\n<p>Une lettre suivie d\u2019un<strong>\u00a0<\/strong>\u00a0\u00a0\u00bb silence \u00a0\u00bb jusqu\u2019\u00e0 mes commentaires des r\u00e9sultats du 15 mars, du 22 mars et de l\u2019\u00e9lection de celui ou de\u00a0 celle\u00a0 qui me succ\u00e9dera le 28 mars, veille d\u2019un 82<sup>\u00e8me<\/sup>\u00a0anniversaire du Massacre d\u2019Ascq que je ne pr\u00e9siderai donc plus\u2026, <strong>ce que j\u2019entends et ce que je lis de la part (ou sous la complaisance m\u00e9diatique ) de certain(e)s\u00a0<\/strong>en particulier lors et apr\u00e8s le Conseil Municipal de mardi o\u00f9 fut vot\u00e9 notre budget 2026 un vote qui seul pourtant permet \u00e0 la Ville de fonctionner et aux associations d\u2019\u00eatre subventionn\u00e9es, (alors que toutes les \u00ab micro-oppositions \u00bb demandaient, pour la premi\u00e8re fois d\u2019ailleurs, son report\u2026 en des termes \u00e0 mon \u00e9gard que je ne qualifierai pas\u2026).<\/p>\n\n\n\n<p><strong>Ce que j\u2019entends et ce que je lis, disais-je m\u2019ont donn\u00e9 l\u2019id\u00e9e de citer quelques chiffres illustratifs\u00a0<\/strong> qui pourront donner une id\u00e9e de \u00ab l\u2019ampleur de la t\u00e2che \u00bb \u00e0 celles et ceux qui la d\u00e9couvrent et m\u00eame \u00e0 certains \u00e9lus pourtant\u00a0 \u00ab\u00a0sortants \u00bb\u00a0\u2026 (inutile de donner des noms)\u00a0 qui ne \u00a0 s\u2019en sont\u00a0 pas rendu compte.<\/p>\n\n\n\n<p><strong>C\u2019est ce que je vais donc faire apr\u00e8s avoir quand m\u00eame rappel\u00e9 quelques \u00e9l\u00e9ments de ma vie qui indiquent \u00e0 celles et ceux qui pourraient en douter que je ne suis pas n\u00e9 \u00ab une cuill\u00e8re d\u2019argent dans la bouche \u00bb, ni v\u00e9cu , avant d\u2019avoir \u00e9t\u00e9 \u00e9lu,&nbsp; des \u00ab annexes \u00bb du monde politique,&nbsp;<\/strong>comme certain(e)s, de plus en plus nombreux, qui n\u2019ont jamais \u00ab&nbsp;v\u00e9cu d\u2019autres chose&nbsp;\u00bb\u2026 (inutile l\u00e0 aussi de donner des noms).<\/p>\n\n\n\n<p><strong>N\u00e9 le 27 f\u00e9vrier 1945\u00a0 dans le village de Royaucourt et Chailvet , d\u2019une m\u00e8re polonaise n\u00e9e en Pologne en 1921\u00a0<\/strong>dont la famille avait immigr\u00e9 pour travailler en France et pour devenir Fran\u00e7ais, ce qui semblait, \u00ab\u00a0normal \u00e0 l\u2019\u00e9poque\u00a0\u00bb\u2026 (sans autre commentaire) <strong>et d\u2019un p\u00e8re fran\u00e7ais ,\u00a0<\/strong>employ\u00e9 de bureau et attributaire\u00a0 , une fois la guerre finie , d\u2019une \u00ab\u00a0carte de r\u00e9sistant r\u00e9fractaire \u00bb\u00a0,Jean Caudron que ma m\u00e8re avait rencontr\u00e9 lors d\u2019un match de football o\u00f9 jouait dans son village son fr\u00e8re Simon Janczewski, un de ses fr\u00e8res qui devint ensuite joueur professionnel \u00e0 Sochaux puis \u00e0 Bordeaux (l\u00e0 aussi\u2026 autres temps\u2026 autres salaires\u2026.) tandis que deux autres de ses fr\u00e8res plus \u00e2g\u00e9s\u00a0 \u00ab\u00a0s\u2019illustraient\u00a0\u00bb sur tous les fronts contre les nazis, <strong>apr\u00e8s avoir \u00e9t\u00e9 \u00e0 l\u2019\u00e9cole \u00ab classe unique \u00bb de mon village d\u00e8s l\u2019\u00e2ge de 5 ans puis , \u00e0 Laon , \u00e0 l\u2019\u00e9cole communale\u00a0<\/strong> <strong>avant de rentrer au lyc\u00e9e en 6\u00e8me \u00e0 10 ans o\u00f9 j\u2019allais obtenir mon Bac Math Elem \u00e0 l\u2019\u00e2ge de 17 ans\u2026,\u00a0j\u2019ai commenc\u00e9 a travaill\u00e9 \u00e0 la Tr\u00e9sorerie G\u00e9n\u00e9rale de Laon le 1<sup>er<\/sup>\u00a0septembre 1963<\/strong>\u00a0,<strong>\u00a0il y a donc 63 ans<\/strong>\u00a0, au service des archives puis des collectivit\u00e9s, tout en r\u00e9ussissant les concours de contr\u00f4leur du Tr\u00e9sor et d\u2019inspecteur du Tr\u00e9sor ce qui me fit muter \u00e0 la Tr\u00e9sorerie G\u00e9n\u00e9rale de Lille tout en faisant 2 ans de \u00ab\u00a0sciences \u00e9co\u00a0\u00bb \u00e0 l\u2019Universit\u00e9\u00a0 suivis de 2 ans \u00e0 Clermont-Ferrand en son Universit\u00e9 et dans une perception, <strong>avant un retour \u00e0 Roubaix aussi en perception puis, suite \u00e0 ma r\u00e9ussite d\u2019un concours de l\u2019\u00e9ducation nationale , comme professeur stagiaire\u00a0 \u00e0 Massy et \u00e0 Lille\u00a0<\/strong> et avant d\u2019enseigner au Lyc\u00e9e Turgot puis au lyc\u00e9e Jean Moulin de Roubaix durant 11 ans, une profession dont \u00ab\u00a0je me suis fait mettre en disponibilit\u00e9 \u00a0\u00bb pour \u00eatre Maire de Villeneuve d\u2019Ascq \u00e0 plein temps (dans des conditions financi\u00e8res de l\u2019\u00e9poque que j\u2019ai accept\u00e9 de subir).<\/p>\n\n\n\n<p><strong>J\u2019ajoute, si c\u2019est n\u00e9cessaire, que durant mes 50 ans de mandats municipaux et 49 de la CUDL (aujourd\u2019hui MEL)<\/strong>. <strong>J\u2019ai \u00e9t\u00e9 Conseiller G\u00e9n\u00e9ral durant 7 ans et D\u00e9put\u00e9 Europ\u00e9en durant 15 ans\u00a0<\/strong>(avec l\u00e0 aussi au Parlement Europ\u00e9en un gros bilan \u00e0 mon actif en terme de Recherche, d\u2019Ecologie, de Nouvelles Technologies, d\u2019\u00c9nergie (ITER-Fusion) sans oublier des actions internationales en Turquie, \u00e0 Chypres, en Isra\u00ebl et en Pologne\u2026.<\/p>\n\n\n\n<p><strong>Quand mon mandat de d\u00e9put\u00e9 europ\u00e9en s\u2019est achev\u00e9 en 2004 , j\u2019ai travaill\u00e9 un an au cabinet du Pr\u00e9sident de la R\u00e9gion Daniel Percheron, donn\u00e9 des cours \u00e0 la Facult\u00e9 de Droit durant un an aussi, avant de \u00ab faillir \u00eatre recrut\u00e9 \u00bb par le Pr\u00e9sident du CEA (Commissariat \u00e0 l\u2019\u00c9nergie Atomique) pour suivre l\u2019exp\u00e9rimentation \u00ab ITER Fusion \u00bb \u00e0 Cadarache\u2026 que j\u2019avais fait voter au niveau europ\u00e9en,<\/strong> \u00ab faillir \u00bb pourquoi ? parce que, bien que officieusement retenu, un veto de l\u2019Elys\u00e9e de Jacques Chirac tomba\u2026et y mis fin.<\/p>\n\n\n\n<p><strong>Sans ce v\u00e9to je n\u2019aurai pas fait mon retour comme Maire de Villeneuve d\u2019Ascq en 2008 , \u2026.ce que je ne regrette pas<\/strong><\/p>\n\n\n\n<p><strong>Ainsi va la vie\u2026<\/strong><\/p>\n\n\n\n<p>Puis-je enfin rajouter que , simple militant socialiste mitterrandiste, je n\u2019avais jamais eu l\u2019id\u00e9e ou le projet de me faire \u00e9lire\u2026 <strong>Il fallut pour cela une crise qui \u00e9clat\u00e2t au bout de 30 ans de mandat de mon pr\u00e9d\u00e9cesseur Jean Desmarets\u00a0<\/strong> <strong>avec des d\u00e9missions, une \u00e9lection partielle, ma victoire pourtant inattendue\u2026\u00a0<\/strong> <strong>mon installation en conseil Municipal le 27 f\u00e9vrier 1976\u00a0<\/strong><\/p>\n\n\n\n<p>Et\u2026\u00a0 maintenant,\u00a0 50 ans plus tard , ma \u00ab\u00a0sortie\u00a0\u00bb \u00e0 mon tour\u00a0 que j\u2019aurais aim\u00e9 \u00ab plus sereine \u00bb sinon plus respectueuse de la part de certains qui, sans moi , ne seraient pas l\u00e0 aujourd\u2019hui pour \u00ab jouer les chacals \u00bb\u2026<\/p>\n\n\n\n<p><strong>Voil\u00e0 r\u00e9sum\u00e9\u2026 les grandes lignes de ma vie\u2026<\/strong> <strong>qui me conduiront sans doute \u00e0 d\u2019autres \u00e9crits futurs\u00a0 pour aider les jeunes \u00e0 comprendre que rien n\u2019\u00e9tant jamais \u00e9crit d\u2019avance,\u00a0\u00a0<\/strong>l\u2019avenir, notre avenir , leur avenir d\u00e9pend aussi de nous\u2026et d\u2019eux \u2026<\/p>\n\n\n\n<p><strong>J\u2019en arrive maintenant \u00e0 ces chiffres qui auraient d\u00fb constituer l\u2019essentiel de mon texte d\u2019aujourd\u2019hui\u00a0<\/strong> si je n\u2019\u00e9tais pas tomb\u00e9, presque par hasard, sur certains r\u00e9seaux internet et \u00e9crits\u00a0 qui m\u2019ont conduit \u00e0 parler davantage de mon parcours, <strong>des chiffres qui, d\u2019ailleurs, sont bien loin de reprendre tout ce que peut comprendre 50 ans de mandats,\u2026 mais qui sont \u00ab significatifs \u00bb :\u00a0<\/strong><\/p>\n\n\n\n<p><strong>&nbsp; &nbsp; &nbsp; &nbsp;Cinquante ans de mandats et donc 18 250 jours \u2026 c\u2019est et ce f\u00fbt :<\/strong><\/p>\n\n\n\n<p><strong><u>1<\/u>&nbsp;\u2013 358&nbsp;<\/strong>Conseils Municipaux que j\u2019ai pr\u00e9sid\u00e9 en tant que Maire + 52 conseils auxquels j\u2019ai assist\u00e9 en tant que Conseiller Municipal<\/p>\n\n\n\n<p><strong>soit un total de 410 s\u00e9ances<\/strong><\/p>\n\n\n\n<p><strong><u>2<\/u><\/strong>&nbsp;\u2013 la pr\u00e9sidence de&nbsp;<strong>280&nbsp;<\/strong>conseils d\u2019administration du \u00ab Bureau d\u2019aide sociale \u00bb devenu CCAS (Centre Communal d\u2019Action Social)<\/p>\n\n\n\n<p><strong><u>3<\/u><\/strong>&nbsp;\u2013&nbsp;<strong>88 \u00ab&nbsp;<\/strong>tourn\u00e9es de bureau de votes &nbsp;\u00bb dont 11 pour des municipales, 2 pour deux r\u00e9f\u00e9rendums, 23 pour des l\u00e9gislatives et 10 pour des Europ\u00e9ennes,<\/p>\n\n\n\n<p><strong>des tourn\u00e9es de bureaux de votes qui correspondent \u00e0 mes 43 ans de mandats de Maire\u00a0<\/strong> tout comme, lors de 11\u00a0000 jours ouvrables,\u00a0<strong>\u00e0 peu pr\u00e8s 1,650 millions de courriers re\u00e7us , lus et annot\u00e9s\u00a0 et 3 millions de courriers vis\u00e9s \u2026une fois arriv\u00e9s sur mon bureau ,<\/strong> <strong>sans oublier<\/strong>\u00a0<strong>plus de 20\u00a0000 r\u00e9unions importantes et sans doute plus de 30\u00a0000 manifestations\u00a0<\/strong> auxquelles j\u2019aurai assist\u00e9 dans la Ville, <strong>ni oublier non plus, durant les 36 ans o\u00f9 j\u2019ai fait 5 permanences mensuelles ouvertes \u00e0 la population<\/strong> (avant de devoir arr\u00eater il y a 7 ans \u00e0 cause de menaces sur ma personne et donc de passer le relais \u00e0 Maryvonne Girard) , <strong>soit pr\u00e8s de 20 000 citoyen(ne)s re\u00e7us venus m\u2019expliquer leurs probl\u00e8mes afin que j\u2019essaie de leurs trouver des solutions.<\/strong><\/p>\n\n\n\n<p>Voil\u00e0, j\u2019aurai pu publier d\u2019autres chiffres en termes d\u2019heures de travail sur les dossiers, de r\u00e9unions \u00e0 la M\u00e9tropole de Lille o\u00f9 \u00e0 Paris, de quelques d\u00e9placements \u00e0 l\u2019\u00e9tranger, ce que j\u2019ai toujours voulu limiter (par exemple durant mon dernier mandat 2020 \/ 2026\u2026 : z\u00e9ro d\u00e9placement \u00e0 l\u2019\u00e9tranger), mes visites annuelles de nos centres (colonies) de vacances\u2026 d\u2019\u00e9t\u00e9\u2026<\/p>\n\n\n\n<p>etc\u2026 etc\u2026<\/p>\n\n\n\n<p><strong>Si parmi les \u00ab&nbsp;pr\u00e9tendants&nbsp;\u00bb \u00e0 ma succession&nbsp;<\/strong><\/p>\n\n\n\n<p>il en est, un ou une, qui tiendra aussi longtemps avec une m\u00eame densit\u00e9 de travail\u2026 il ou elle vous le dira dans 50 ans\u2026 (un peu de patience donc\u2026) <strong>mais en n\u2019oubliant jamais que :<\/strong><\/p>\n\n\n\n<p><strong>\u00ab si , dans la vie, on sait qu\u2019on est tous mortels ,&nbsp;<\/strong><strong>il faut vivre et finalement on vit comme si on \u00e9tait immortel\u2026&nbsp;\u00bb<\/strong><\/p>\n\n\n\n<p><strong>\u00a0<\/strong>Ce qui est de plus en plus difficile au fur et \u00e0 mesure que l\u2019on vieillit\u2026<\/p>\n","protected":false},"excerpt":{"rendered":"<p>Si , il y aura un mois apr\u00e8s-demain, j\u2019avais annonc\u00e9 dans mon 900\u00e8me\u00a0carnet du 7 f\u00e9vier que ce serait mon dernier carnet avant les \u00e9lections municipales\u00a0avec \u00ab simplement quand m\u00eame \u00bb, la mise sur mon blog , de ma lettre aux villeneuvoises et aux villeneuvois du 27 f\u00e9vrier pour leur rappeler que\u00a0seule la liste EPVA &hellip; <\/p>\n<p><a class=\"more-link btn\" href=\"http:\/\/www.rassemblementcitoyen.org\/?p=10813\">Continue reading<\/a><\/p>\n","protected":false},"author":1,"featured_media":0,"comment_status":"closed","ping_status":"open","sticky":false,"template":"","format":"standard","meta":{"footnotes":""},"categories":[6],"tags":[],"class_list":["post-10813","post","type-post","status-publish","format-standard","hentry","category-actualite","nodate","item-wrap"],"_links":{"self":[{"href":"http:\/\/www.rassemblementcitoyen.org\/index.php?rest_route=\/wp\/v2\/posts\/10813","targetHints":{"allow":["GET"]}}],"collection":[{"href":"http:\/\/www.rassemblementcitoyen.org\/index.php?rest_route=\/wp\/v2\/posts"}],"about":[{"href":"http:\/\/www.rassemblementcitoyen.org\/index.php?rest_route=\/wp\/v2\/types\/post"}],"author":[{"embeddable":true,"href":"http:\/\/www.rassemblementcitoyen.org\/index.php?rest_route=\/wp\/v2\/users\/1"}],"replies":[{"embeddable":true,"href":"http:\/\/www.rassemblementcitoyen.org\/index.php?rest_route=%2Fwp%2Fv2%2Fcomments&post=10813"}],"version-history":[{"count":1,"href":"http:\/\/www.rassemblementcitoyen.org\/index.php?rest_route=\/wp\/v2\/posts\/10813\/revisions"}],"predecessor-version":[{"id":10815,"href":"http:\/\/www.rassemblementcitoyen.org\/index.php?rest_route=\/wp\/v2\/posts\/10813\/revisions\/10815"}],"wp:attachment":[{"href":"http:\/\/www.rassemblementcitoyen.org\/index.php?rest_route=%2Fwp%2Fv2%2Fmedia&parent=10813"}],"wp:term":[{"taxonomy":"category","embeddable":true,"href":"http:\/\/www.rassemblementcitoyen.org\/index.php?rest_route=%2Fwp%2Fv2%2Fcategories&post=10813"},{"taxonomy":"post_tag","embeddable":true,"href":"http:\/\/www.rassemblementcitoyen.org\/index.php?rest_route=%2Fwp%2Fv2%2Ftags&post=10813"}],"curies":[{"name":"wp","href":"https:\/\/api.w.org\/{rel}","templated":true}]}}