{"id":10781,"date":"2026-02-14T12:42:20","date_gmt":"2026-02-14T11:42:20","guid":{"rendered":"http:\/\/www.rassemblementcitoyen.org\/?p=10781"},"modified":"2026-02-14T12:44:03","modified_gmt":"2026-02-14T11:44:03","slug":"carnet-n900-du-13-fevrier-2026","status":"publish","type":"post","link":"http:\/\/www.rassemblementcitoyen.org\/?p=10781","title":{"rendered":"Carnet n\u00b0900 du 13 f\u00e9vrier 2026"},"content":{"rendered":"\n<p>\u00ab&nbsp;900&nbsp;\u00bb<\/p>\n\n\n\n<p>En ce 13 f\u00e9vrier 2026, \u00e0 30 jours donc pr\u00e9cis\u00e9ment du 15 mars, jour du premier tour des \u00e9lections municipales, <strong>je suis arriv\u00e9 au\u00a0 900<sup>\u00e8me<\/sup>\u00a0carnet d\u2019une s\u00e9rie de carnets commenc\u00e9e en ao\u00fbt 2009,<\/strong> <strong>des carnets publi\u00e9s sur mon blog\u00a0<a href=\"http:\/\/www.gcaudron.org\/\" target=\"_blank\" rel=\"noreferrer noopener\">www.gcaudron.org<\/a>\u00a0et sur le site de mon mouvement \u00ab\u00a0Rassemblement Citoyen\u00a0\u00bb<\/strong> qui comptent, \u00e0 ce jour, pr\u00e8s de 12 millions de connections \u00e0 eux deux, 900 carnets donc \u00e9crit d\u2019abord \u00ab\u00a0d\u2019un seul trait \u00a0\u00bb \u00e0 l\u2019encre bleu d\u2019un stylo que j\u2019ai depuis l\u2019obtention de mon baccalaur\u00e9at, mes parents me l\u2019ayant\u00a0 offert en r\u00e9compense\u2026, ce qui repr\u00e9sente plus de 6000 pages manuscrites\u00a0avant bien s\u00fbr d\u2019\u00eatre \u00ab tap\u00e9 \u00bbsur le clavier d\u2019un ordinateur\u00a0 et ensuite d\u2019\u00eatre \u00ab relu<strong>s\u00a0<\/strong>et corrig\u00e9s\u00a0\u00bb<strong>\u00a0<\/strong>au moins une dizaine de fois, \u00ab 900 \u00bb, un nombre de carnets qui m\u2019a conduit aujourd\u2019hui \u00e0 d\u00e9cider d\u2019en suspendre leurs \u00e9critures, vu une situation politique villeneuvoise qui m\u2019angoisse, voire qui me d\u00e9sesp\u00e8re et bien s\u00fbr vu la guerre en Europe de Vladimir Poutine et l\u2019explosion internationale d\u2019une islamisation terroriste dont les premi\u00e8res victimes en Afghanistan, en Iran et \u00e0 Gaza sont d\u2019ailleurs des musulmans \u2026<\/p>\n\n\n\n<p>Non seulement l\u2019\u00e9volution qui s\u2019acc\u00e9l\u00e8re de toutes ces situations ,crises , et guerres\u00a0 m\u2019angoissent et me d\u00e9sesp\u00e8rent mais elles me rongent au plus profond de moi apr\u00e8s 50 ans donn\u00e9es de moi-m\u00eame \u00e0 ma ville et des d\u00e9cennies d\u2019observation d\u2019\u00e9volutions d\u2019un monde que j\u2019ai\u00a0 honte de laisser \u00e0 nos enfants au stade o\u00f9 il en est arriv\u00e9\u2026 m\u00eame si ce n\u2019est pas vraiment de ma faute.<\/p>\n\n\n\n<p><strong>C\u2019est<\/strong>\u00a0<strong>pourquoi,<\/strong>\u00a0<strong>si dans les semaines qui viennent je ne manquerai pas de continuer \u00e0 publier certaines de mes r\u00e9actions aux \u00ab actualit\u00e9s \u00bb qui secouent le monde et certains souvenirs du t\u00e9moin que j\u2019ai \u00e9t\u00e9 d\u2019un long pass\u00e9 depuis les ann\u00e9es 50 du vingti\u00e8me si\u00e8cle,<\/strong> des t\u00e9moignages qui peuvent aider les plus jeunes \u00e0 comprendre le pr\u00e9sent pour mieux faire face \u00e0 un avenir bien sombre, <strong>je me concentrerai surtout sur 3 dates pour y produire des analyses beaucoup plus approfondies :\u00a0<\/strong><\/p>\n\n\n\n<p>\u2013&nbsp;<strong>le 27 f\u00e9vrier prochain<\/strong>&nbsp;pour mes 50 ans de mandats qui me verra m\u2019adresser aux Villeneuvois et Villeneuvoises\u2026<\/p>\n\n\n\n<p>\u2013&nbsp;<strong>le 16 mars<\/strong>&nbsp;pour tirer les (et mes) conclusions apr\u00e8s le premier tour des \u00e9lections municipales du 15.<\/p>\n\n\n\n<p>\u2013&nbsp;<strong>le 23 mars<\/strong>, apr\u00e8s les r\u00e9sultats d\u00e9finitifs du 2\u00e8me tour du 22 et donc la connaissance de la configuration politique locale pour les six prochaines ann\u00e9es.<\/p>\n\n\n\n<p>\u2013&nbsp;<strong>le 30 mars<\/strong>&nbsp;<strong>apr\u00e8s l\u2019\u00e9lection , le samedi 28 mars , du nouveau ou de la nouvelle Maire de Villeneuve d\u2019Ascq&nbsp;<\/strong><\/p>\n\n\n\n<p>avec mon analyse de toutes les cons\u00e9quences qui en d\u00e9couleront\u00a0 et bien s\u00fbr , le 30 , au lendemain du 29 mars, le dimanche des rameaux, jour de\u00a0 comm\u00e9moration du Massacre d\u2019Ascq en son 82<sup>\u00e8me<\/sup>\u00a0anniversaire\u2026,\u00a0la mani\u00e8re particuli\u00e8re dont je l\u2019aurai surement v\u00e9cu \u2026 moi qui commen\u00e7a mon premier mandat en 1976 avec le 32 \u00e8me anniversaire de cet horrible massacre .<\/p>\n\n\n\n<p><strong>Durant les 30 jours qui viennent\u00a0<\/strong>et donc \u00e0 Villeneuve d\u2019Ascq , parce que nous sommes encore en France en D\u00e9mocratie R\u00e9publicaine (et pas encore dans un chaos propice \u00e0 tous les d\u00e9sordres que certains esp\u00e8rent voir s\u2019aggraver d\u2019ici 2027\u2026 sinon avant\u2026) <strong>la campagne des \u00e9lections municipales va continuer\u2026 dans des conditions et selon des formes que je n\u2019ai jamais connu.<\/strong><\/p>\n\n\n\n<p>Face \u00e0 des ennemis politiques qui ne cachent m\u00eame plus leurs intentions\u00a0 et \u00e0 des adversaires plus mod\u00e9r\u00e9s qui ,depuis 2020 , ne se sont pas vraiment renouvel\u00e9s faute sans doute d\u2019arguments\u00a0 pour nous attaquer, <strong>\u00ab\u00a0l\u2019originalit\u00e9 du jour \u00a0\u00bb vient de d\u00e9cisions prises par des \u00e9lus<\/strong>\u00a0<strong>du centre de ma majorit\u00e9 sortante venus nous rejoindre en 2020<\/strong> <strong>et des socialistes rentr\u00e9s , eux ,en 2014 dans cette majorit\u00e9 apr\u00e8s leur d\u00e9faite de 2008<\/strong> qui virent sans doute \u00ab leurs heures arriv\u00e9es \u00bb \u2026 pour certains \u00e0 droite \u2026 \u00ab\u00a0d\u2019enfin gagner\u00a0\u00bb et pour d\u2019autres au PS \u2026 de regagner la mairie pour des raisons (l\u00e9gitimes ?) d\u2019ambitions personnelles\u00a0 ou pour \u00eatre en position d\u2019\u00eatre acteurs lors des\u00a0 \u00e9lections l\u00e9gislatives ou pr\u00e9sidentielles futures \u2026ou pour les deux.<\/p>\n\n\n\n<p>La preuve en est les fonctions et titres de \u00ab&nbsp;leurs invit\u00e9s&nbsp;\u00bb \u00e0 leurs meetings et \u00ab&nbsp;visites \u00ab&nbsp;\u2026 d\u00e9put\u00e9e, d\u00e9put\u00e9, Ministre (\u00e9ph\u00e9m\u00e8re), Pr\u00e9sident de R\u00e9gion, et m\u00eame Maire de Lille\u2026 ce qui m\u2019a rappel\u00e9 Pierre Mauroy en 1977 quand il r\u00eavait d\u2019absorber Villeneuve d\u2019Ascq\u2026&nbsp;<\/p>\n\n\n\n<p><strong>Notre liste \u00ab\u00a0EPVA 2026\u00a0\u00bb, au contraire, n\u2019a comme objectif que d\u2019avoir \u00ab Villeneuve d\u2019Ascq au c\u0153ur \u00bb\u00a0<\/strong> c\u2019est celle que conduit Sylvain ESTAGER et sur laquelle je figure .<\/p>\n\n\n\n<p>Elle est la seule liste sans aucune \u00ab&nbsp;ambigu\u00eft\u00e9 de&nbsp;p\u00e9rim\u00e8tre&nbsp;\u00bb&nbsp;:<\/p>\n\n\n\n<p><strong>Pour elle ,\u00a0 ce qui compte , c\u2019est\u00a0 \u00a0\u00bb La Ville, toute la Ville, rien que la Ville de Villeneuve d\u2019Ascq\u00a0\u00bb<\/strong> et ce ne sont\u00a0 , ni la M\u00e9tropole Europ\u00e9enne de Lille (MEL) , ni la 2<sup>\u00e8me\u00a0<\/sup>circonscription l\u00e9gislative , ni le D\u00e9partement, ni la R\u00e9gion, ni le S\u00e9nat\u2026 ni\u2026 ni\u2026<\/p>\n\n\n\n<p><strong>C\u2019est sur cette liste \u00ab E.P.V.A. 2026 \u00bb, avec cette liste\u00a0\u00bb\u00a0 EPVA 2026 \u00ab\u00a0, avec Sylvain ESTAGER , avec le noyau dur d\u2019\u00e9lu(e)s qui ont contribu\u00e9 , \u00e0 mes c\u00f4t\u00e9s , \u00e0 nous faire passer de \u00ab Lille-Est \u00bb \u00e0 Villeneuve d\u2019Ascq \u00ab Ville Olympique \u00bb,\u00a0<\/strong>des \u00e9lu(e)s exp\u00e9riment\u00e9s rejoints par des candidat(e)s nouveaux issu(e)s de toute la soci\u00e9t\u00e9 villeneuvoise\u2026\u00a0 <strong>que durant 30 jours je continuerai \u00e0 me battre avec un objectif : que cette liste \u00a0\u00bb EPVA 2026 \u00a0\u00bb arrive en t\u00eate le 15 mars\u00a0<\/strong>\u00bb pour ne pas \u00eatre contraint \u00e0 des n\u00e9gociations politiciennes auxquelles d\u2019ailleurs\u00a0 je ne participerai pas\u2026 sans pour autant nier \u00ab\u00a0peut-\u00eatre\u00a0 la n\u00e9cessit\u00e9 \u00ab\u00a0\u2026pour \u00e9viter le pire\u2026<\/p>\n\n\n\n<p><strong>\u00ab il faut savoir \u00bb\u2026 comme chantait Charles Aznavour<\/strong>&nbsp;\u00ab quitter la place \u2026 sans s\u2019accrocher l\u2019air pitoyable\u2026mais partir sans faire de bruit \u00bb\u2026 et l\u00e0 , moi, dans ce cas, contrairement \u00e0 lui\u2026&nbsp;<\/p>\n\n\n\n<p><strong>\u00ab je saurai quitter \u00bb en souhaitant \u00ab bon courage \u00bb aux villeneuvois(e)s\u00a0<\/strong> et en esp\u00e9rant que 50 ans d\u2019efforts collectifs se briseront pas en quelques ann\u00e9es vu ce que je lis dans certains programmes, de ceux qui , par exemple , ont refus\u00e9 une \u00c9cole Municipale de Musique et de Danse ou \u00ab\u00a0une Maison de Sant\u00e9 Pluridisciplinaire\u00a0\u00bb <strong>et ceux qui promettent des milliers de logements\u00a0<\/strong>qui ne pourraient pas se faire qu\u2019au d\u00e9triment de zones agricoles que j\u2019ai su pr\u00e9server il y a plus de 50 ans\u2026<\/p>\n\n\n\n<p><strong>Voil\u00e0, avec ce\u00a0 900\u00e8me carnet,<\/strong> <strong>tout est dit ou presque\u2026<\/strong> <strong>Tout est possible\u2026 m\u00eame le pire\u2026\u00a0<\/strong><\/p>\n\n\n\n<p><strong>\u00a0M\u00eame si, heureusement, le pire est possible\u2026 il n\u2019est jamais s\u00fbr.<\/strong> J\u2019en appelle donc une fois encore \u00e0 toutes les villeneuvoises et \u00e0 tous les villeneuvois pour qu\u2019au del\u00e0 de leurs votes nationaux , ils fassent leurs mon engagement\u00a0 :\u00a0 \u00ab\u00a0Villeneuve d\u2019Ascq d\u2019abord\u00a0!\u00a0\u00bb\u00a0 <strong>et pour refuser , qu\u2019avec les \u00e9lections municipales, notre Ville\u00a0 devienne\u00a0<\/strong> un simple \u00ab marche pied \u00bb politicien en particulier pour un d\u00e9put\u00e9 LFI qui n\u2019habite m\u00eame\u00a0 pas notre ville\u00a0 mais pas que lui \u2026 que ce soit au PS ,\u00a0 \u00e0 \u00a0\u00bb Horizon\u00a0\u00bb voire ailleurs quand je lis Xavier Bertrand\u2026<\/p>\n\n\n\n<p><strong>\u00c0 suivre donc \u2026et surtout \u00e0 agir !<\/strong> <strong>nous n\u2019avons plus un instant \u00e0 perdre\u2026<\/strong><\/p>\n","protected":false},"excerpt":{"rendered":"<p>\u00ab&nbsp;900&nbsp;\u00bb En ce 13 f\u00e9vrier 2026, \u00e0 30 jours donc pr\u00e9cis\u00e9ment du 15 mars, jour du premier tour des \u00e9lections municipales, je suis arriv\u00e9 au\u00a0 900\u00e8me\u00a0carnet d\u2019une s\u00e9rie de carnets commenc\u00e9e en ao\u00fbt 2009, des carnets publi\u00e9s sur mon blog\u00a0www.gcaudron.org\u00a0et sur le site de mon mouvement \u00ab\u00a0Rassemblement Citoyen\u00a0\u00bb qui comptent, \u00e0 ce jour, pr\u00e8s de &hellip; <\/p>\n<p><a class=\"more-link btn\" href=\"http:\/\/www.rassemblementcitoyen.org\/?p=10781\">Continue reading<\/a><\/p>\n","protected":false},"author":1,"featured_media":10784,"comment_status":"closed","ping_status":"open","sticky":false,"template":"","format":"standard","meta":{"footnotes":""},"categories":[6],"tags":[],"class_list":["post-10781","post","type-post","status-publish","format-standard","has-post-thumbnail","hentry","category-actualite","nodate","item-wrap"],"_links":{"self":[{"href":"http:\/\/www.rassemblementcitoyen.org\/index.php?rest_route=\/wp\/v2\/posts\/10781","targetHints":{"allow":["GET"]}}],"collection":[{"href":"http:\/\/www.rassemblementcitoyen.org\/index.php?rest_route=\/wp\/v2\/posts"}],"about":[{"href":"http:\/\/www.rassemblementcitoyen.org\/index.php?rest_route=\/wp\/v2\/types\/post"}],"author":[{"embeddable":true,"href":"http:\/\/www.rassemblementcitoyen.org\/index.php?rest_route=\/wp\/v2\/users\/1"}],"replies":[{"embeddable":true,"href":"http:\/\/www.rassemblementcitoyen.org\/index.php?rest_route=%2Fwp%2Fv2%2Fcomments&post=10781"}],"version-history":[{"count":1,"href":"http:\/\/www.rassemblementcitoyen.org\/index.php?rest_route=\/wp\/v2\/posts\/10781\/revisions"}],"predecessor-version":[{"id":10783,"href":"http:\/\/www.rassemblementcitoyen.org\/index.php?rest_route=\/wp\/v2\/posts\/10781\/revisions\/10783"}],"wp:featuredmedia":[{"embeddable":true,"href":"http:\/\/www.rassemblementcitoyen.org\/index.php?rest_route=\/wp\/v2\/media\/10784"}],"wp:attachment":[{"href":"http:\/\/www.rassemblementcitoyen.org\/index.php?rest_route=%2Fwp%2Fv2%2Fmedia&parent=10781"}],"wp:term":[{"taxonomy":"category","embeddable":true,"href":"http:\/\/www.rassemblementcitoyen.org\/index.php?rest_route=%2Fwp%2Fv2%2Fcategories&post=10781"},{"taxonomy":"post_tag","embeddable":true,"href":"http:\/\/www.rassemblementcitoyen.org\/index.php?rest_route=%2Fwp%2Fv2%2Ftags&post=10781"}],"curies":[{"name":"wp","href":"https:\/\/api.w.org\/{rel}","templated":true}]}}