{"id":10776,"date":"2026-02-09T08:43:45","date_gmt":"2026-02-09T07:43:45","guid":{"rendered":"http:\/\/www.rassemblementcitoyen.org\/?p=10776"},"modified":"2026-02-09T08:43:49","modified_gmt":"2026-02-09T07:43:49","slug":"carnet-n899-du-7-fevrier-2026","status":"publish","type":"post","link":"http:\/\/www.rassemblementcitoyen.org\/?p=10776","title":{"rendered":"Carnet n\u00b0899 du 7 f\u00e9vrier 2026"},"content":{"rendered":"\n<p>\u00ab&nbsp;<strong>C\u2019EST TOUJOURS COMME \u00c7A LA DERNI\u00c8RE FOIS<\/strong>&nbsp;\u00bb<\/p>\n\n\n\n<p>C\u2019est une chanson de Serge LAMA de 1969 qui m\u2019a trott\u00e9 dans la t\u00eate durant la nuit derni\u00e8re, entre 2 quintes de toux d\u2019une bronchite dont je n\u2019arrive pas \u00e0 me d\u00e9barrasser ,&nbsp;<strong>\u00ab&nbsp;C\u2019est toujours comme \u00e7a la premi\u00e8re fois&nbsp;\u00bb&nbsp;<\/strong>qui m\u2019a inspir\u00e9 ce matin le titre et l\u2019esprit de mon 899<sup>\u00e8me<\/sup>&nbsp;carnet\u2026<\/p>\n\n\n\n<p>Car si\u00a0 j\u2019ai fredonn\u00e9 dans ma jeunesse les paroles de \u00ab\u00a0cette chanson \u00e0 succ\u00e8s\u00a0\u00bb au lendemain de l\u2019ann\u00e9e 68 rest\u00e9e c\u00e9l\u00e8bre pour tous les gens de ma g\u00e9n\u00e9ration :\u00a0<strong>\u00ab ne t\u2019en fais pas, non ne t\u2019en fait pas c\u2019est toujours comme \u00e7a la premi\u00e8re fois \u00bb\u2026<\/strong> en me souvenant alors de toutes \u00ab\u00a0mes premi\u00e8res fois\u00a0\u00bb parmi lesquelles je peux \u00ab\u00a0publiquement\u00a0\u00bb citer\u2026<\/p>\n\n\n\n<ul class=\"wp-block-list\">\n<li><strong>Ma premi\u00e8re entr\u00e9e \u00e0 l\u2019\u00e2ge de 4 ans et demi, en 1949, dans l\u2019\u00e9cole de mon village Royaucourt-et-Chailvet<\/strong> une \u00e9cole \u00ab \u00e0 classe unique \u00bb dont j\u2019\u00e9tais alors (et de loin) le plus jeune, les autres ayant entre 6 et 14 ans (\u00e2ge du certificat d\u2019\u00e9tude primaire que tous alors passaient),<br><\/li>\n\n\n\n<li><strong>Une premi\u00e8re moisson en 1950 avec mon grand-p\u00e8re paternel<\/strong>\u00a0au d\u00e9but de laquelle, le cheval de la charrette qui nous transportait s\u2019\u00e9tant emball\u00e9, nous avions failli \u00eatre tous deux \u00e9cras\u00e9s,<br><\/li>\n\n\n\n<li><strong>la premi\u00e8re fois o\u00f9 \u00a0\u00bb j\u2019ai vu la mer \u00a0\u00bb en 1952 \u00e0 Fort-Mahon<\/strong>,<br><\/li>\n\n\n\n<li>Mon premier bain vers 18h (apr\u00e8s plusieurs heures de train et de bus pour y arriver) et j\u2019ajouterai\u2026 \u00ab ma premi\u00e8re tasse \u00bb\u2026la mar\u00e9e montante ayant recouvert un trou creus\u00e9 \u00e0 mar\u00e9e basse par des enfants,<br><\/li>\n\n\n\n<li><strong>Ma premi\u00e8re entr\u00e9e \u00e0 l\u2019\u00e2ge de 10 ans en 1955 en classe de 6<sup>\u00e8me<\/sup>\u00a0du Lyc\u00e9e de Laon\u00a0<\/strong>tr\u00e8s impressionnant pour le jeune petit campagnard que j\u2019\u00e9tais rest\u00e9 (il n\u2019existait pas de coll\u00e8ges \u00e0 l\u2019\u00e9poque),<br><\/li>\n\n\n\n<li><strong>Ma premi\u00e8re sortie de France en 1960\u00a0<\/strong>invit\u00e9 par un oncle italien \u00e0 aller avec lui en vacances\u00a0 \u00e0 Rome\u2026 une ville que depuis je n\u2019ai jamais oubli\u00e9,<br><\/li>\n\n\n\n<li><strong>Ma premi\u00e8re nuit d\u2019h\u00f4tel et mon premier repas dans un restaurant \u00e0 Lille en 1961<\/strong> quand\u00a0 j\u2019avais \u00e9t\u00e9 convoqu\u00e9 au Lyc\u00e9e du Boulevard Carnot pour y passer un oral de contr\u00f4le de fran\u00e7ais.<br><\/li>\n\n\n\n<li><strong>Ma d\u00e9couverte du \u00ab\u00a0mur de Berlin\u00a0\u00bb en 1964\u00a0<\/strong>lors de ma deuxi\u00e8me sortie de France, un mur construit en 1961, ce qui a contribu\u00e9 \u00e0 me faire en cette m\u00eame ann\u00e9e 1964 choisir d\u2019adh\u00e9rer \u00e0 la SFIO plut\u00f4t qu\u2019au PCF.<\/li>\n<\/ul>\n\n\n\n<p><strong>J\u2019arr\u00eaterai l\u00e0 une liste que certains qualifieront, comme je le lis parfois sur les \u00ab r\u00e9seaux internet \u00bb de \u00ab nostalgie de vieux \u00bb,<\/strong>\u2026 sinon d\u2019un \u00ab s\u00e9nile \u00bb comme je l\u2019ai lu plusieurs fois de la part d\u2019abjects individus qui ne m\u00e9ritent que mon m\u00e9pris, <strong>avec\u00a0 la premi\u00e8re fois que, en tant que Maire,  j\u2019ai pris l\u2019avion et vu la montagne \u00e0 l\u2019invitation en 1978 de l\u2019EPALE<\/strong> (\u00c9tablissement Public d\u2019Am\u00e9nagement de la ville nouvelle de Lille-Est) pour m\u2019y montrer la partie \u00ab ville nouvelle \u00bb de Grenoble\u2026<\/p>\n\n\n\n<p>Un bel exemple alors pour eux\u2026 que j\u2019ai eu bien raison de ne pas suivre\u2026, <strong>une liste donc qui permettra peut-\u00eatre \u00e0 certain(e)s de mieux me conna\u00eetre\u00a0<\/strong> <strong>et surtout  je l\u2019esp\u00e8re, \u00e0 des plus jeunes , de comprendre que , dans la vie, rien n\u2019est r\u00e9gl\u00e9 d\u2019avance\u00a0<\/strong><strong>et qu\u2019en grande partie \u2026\u00a0\u00a0c\u2019est nous qui construisons notre destin<\/strong><\/p>\n\n\n\n<p><strong>\u00a0Un message d\u2019espoir adress\u00e9 \u00e0 notre jeunesse en quelque sorte \u2026.\u00a0\u00a0<\/strong><\/p>\n\n\n\n<p>Une liste donc, parsem\u00e9e de \u00ab\u00a0petits cailloux\u00a0\u00bb qui \u00e9grainent 50, 60, 70 ans (et plus) de vie, <strong>qui me conduisent, apr\u00e8s toutes ces \u00ab premi\u00e8res fois \u00bb,<\/strong> <strong>\u00e0 vivre maintenant en cette ann\u00e9e 2026 l\u2019heure des \u00ab derni\u00e8res fois \u00bb\u00a0<\/strong>et l\u00e0, pour reprendre \u00ab\u00a0la musique\u00a0\u00bb de la chanson de de Serge Lama si,<strong>\u00a0\u00ab c\u2019est toujours comme \u00e7a la derni\u00e8re\u00a0 fois\u2026 \u00bb\u00a0\u2026 et si donc , on s\u2019y attend,\u00a0<\/strong> il y a de grandes diff\u00e9rences entre \u00ab s\u2019y attendre \u00bb et \u00ab le vivre \u00bb\u2026 chacun en fait l\u2019exp\u00e9rience\u00a0<strong>que ce soit pour\u00a0 la Vie\u00a0 <\/strong><strong>ou que ce soit\u00a0 pour la vie publique,\u00a0<\/strong>o\u00f9 on voit se transformer progressivement en \u00ab\u00a0hologramme\u00a0\u00bb\u00a0 \u00a0par ceux qui , bien s\u00fbr , s\u2019y pr\u00e9paraient depuis 6 ans, ceux qui vous trahissent pour \u00ab saisir la belle au bond \u00bb , sans oublier \u00ab les chacals \u00bb\u2026 une esp\u00e8ce r\u00e9pandue dans la nature souvent d\u2019ailleurs d\u00e9j\u00e0 identifi\u00e9es depuis longtemps dans la vie politique \u00e0 tous les niveaux comme des \u00ab\u00a0omnivores opportunistes , pr\u00e9dateurs de proies diminu\u00e9es et de bons charognards \u00ab\u00a0<\/p>\n\n\n\n<p>Heureusement qu\u2019il y a \u00e0 cot\u00e9&nbsp; d\u2019eux de tr\u00e8s nombreux citoyens dont on mesure \u00e0 leur regard et \u00e0 leur poign\u00e9e de main l\u2019estime et m\u00eame une forme d\u2019amiti\u00e9 qu\u2019ils vous portent\u2026 (\u00e7a fait parfois chaud au coeur)<\/p>\n\n\n\n<p><strong>Plus sereinement maintenant, je veux\u00a0 dire que depuis plusieurs mois,\u00a0<\/strong> <strong>il m\u2019est donn\u00e9 de vivre une longue s\u00e9rie \u00ab de derni\u00e8res fois \u00bb :<\/strong><\/p>\n\n\n\n<ul class=\"wp-block-list\">\n<li>derni\u00e8res assembl\u00e9es g\u00e9n\u00e9rales d\u2019associations<\/li>\n\n\n\n<li>derni\u00e8res manifestations patriotiques<\/li>\n\n\n\n<li>derni\u00e8res remises de m\u00e9dailles, <\/li>\n\n\n\n<li>de coupes et de prix<\/li>\n\n\n\n<li>derni\u00e8res c\u00e9r\u00e9monies de v\u0153ux<\/li>\n\n\n\n<li>derni\u00e8res inaugurations<\/li>\n\n\n\n<li>derni\u00e8res comm\u00e9morations, foires, expositions, forums<\/li>\n\n\n\n<li>dernier budget communal<\/li>\n<\/ul>\n\n\n\n<p>etc\u2026 etc\u2026<\/p>\n\n\n\n<p>Et il faut bien dire que, dans tous les domaines, les exemples de \u00ab\u00a0derni\u00e8res fois\u00a0\u00bb\u00a0 ne manquent pas depuis maintenant pr\u00e8s d\u2019un an qui ne sont pas, pour moi, tr\u00e8s facile \u00e0 vivre surtout parce qu\u2019on y croise des \u00e9lu(e)s, y compris de l\u2019ex majorit\u00e9 municipale , qu\u2019on n\u2019avait auparavant jamais vu nul part\u2026 faut il citer des noms? (\u00a0 au demeurant , ils se font des illusions s\u2019ils croient que\u00a0 les citoyens ne s\u2019en rendent pas compte\u2026voire m\u00eame qui consid\u00e8rent ces intrusions politiciennes comme des formes de m\u00e9pris).<\/p>\n\n\n\n<p><strong>C\u2019est pourquoi, \u00e0 5 semaines du premier tour des \u00e9lections municipales,\u00a0<\/strong> <strong>si je suis compl\u00e8tement engag\u00e9 aupr\u00e8s de Sylvain ESTAGER\u00a0 et de son \u00e9quipe o\u00f9 je figure,\u00a0<\/strong>pour essayer d\u2019\u00e9viter les victoires de ceux que je qualifie de v\u00e9ritables \u00ab ennemis \u00bb, de quelque traitre, voire de \u00ab simples et logiques \u00bb calculateurs politiciens\u2026,<\/p>\n\n\n\n<p><strong>je veux dire ma lassitude face \u00e0 ces &nbsp;\u00bb derni\u00e8res fois&nbsp;\u00bb et aux attitudes de certains \u00e9lu(e)s\u2026.!<\/strong><\/p>\n\n\n\n<p><strong>Et si bien s\u00fbr je serai au meeting d\u2019E.P.V.A. 2026 \u00e0 l\u2019Espace Concorde pour y faire mon dernier grand discours, le 12 mars prochain<\/strong>, <strong>si je prendrais peut-\u00eatre \u00ab\u00a0mon dernier m\u00e9tro\u00a0\u00bb\u00a0<\/strong>dans une rame de 52 m (apr\u00e8s avoir particip\u00e9 aux inaugurations des lignes 1 et 2),<\/p>\n\n\n\n<p><strong>si je serai sans doute , j\u2019esp\u00e8re le pouvoir , au dernier Conseil Municipal o\u00f9 se votera, le budget de notre Ville pour 2026\u00a0<\/strong>(en esp\u00e9rant sans trop d\u2019illusion de la part de chacun(e)s de la retenue et de la dignit\u00e9), si j\u2019assisterai peut-\u00eatre \u00e0 mon dernier grand match de Rugby des 6 Nations au Grand Stade le 22 f\u00e9vrier.<\/p>\n\n\n\n<p><strong>J\u2019\u00e9viterai, le 19 f\u00e9vrier de me rendre au LAM pour sa r\u00e9ouverture\u00a0<\/strong>,le LAM \u00e0 l\u2019origine duquel pourtant j\u2019ai \u00ab contribu\u00e9 \u00bb \u00e0 \u00eatre aux c\u00f4t\u00e9s d\u2019Arthur Notebart, <strong>pr\u00e9f\u00e9rant ne pas, une derni\u00e8re fois , faire passer ma vie publique avant ma vie priv\u00e9e\u2026,le 19 f\u00e9vrier \u00e9tant le jour de l\u2019anniversaire de Val\u00e9rie\u00a0<\/strong><strong>et accessoirement m\u2019\u00e9vitant ainsi d\u2019y rencontrer et voir pavaner beaucoup de celles et ceux qui , \u00e0 des degr\u00e9s divers, m\u2019ont rendu et me rendent difficile \u00e0 vivre \u00ab\u00a0toutes ces derni\u00e8res fois\u2026\u00a0\u00bb<\/strong><\/p>\n\n\n\n<p>Je n\u2019en dirai pas davantage\u2026<\/p>\n\n\n\n<p>Oui, vraiment , comme l\u2019a chant\u00e9 Serge Lama il y a 57 ans\u2026 \u00ab&nbsp;pour la premi\u00e8re fois&nbsp;\u00bb ,<\/p>\n\n\n\n<p>Il faut se le dire, et je m\u2019impose , envers et contre tout , de me le dire\u2026 : <strong>\u00ab ne t\u2019en fais pas, non ne t\u2019en fais pas \u00bb\u00ab c\u2019est toujours comme \u00e7a\u2026 \u00bb\u2026\u00a0\u00a0la premi\u00e8re\u2026 et la derni\u00e8re fois !<\/strong><\/p>\n\n\n\n<p>et finalement \u2026 malgr\u00e9 tout \u2026d\u2019essayer d\u2019en sourire m\u00eame si c\u2019est difficile\u2026<\/p>\n","protected":false},"excerpt":{"rendered":"<p>\u00ab&nbsp;C\u2019EST TOUJOURS COMME \u00c7A LA DERNI\u00c8RE FOIS&nbsp;\u00bb C\u2019est une chanson de Serge LAMA de 1969 qui m\u2019a trott\u00e9 dans la t\u00eate durant la nuit derni\u00e8re, entre 2 quintes de toux d\u2019une bronchite dont je n\u2019arrive pas \u00e0 me d\u00e9barrasser ,&nbsp;\u00ab&nbsp;C\u2019est toujours comme \u00e7a la premi\u00e8re fois&nbsp;\u00bb&nbsp;qui m\u2019a inspir\u00e9 ce matin le titre et l\u2019esprit de &hellip; <\/p>\n<p><a class=\"more-link btn\" href=\"http:\/\/www.rassemblementcitoyen.org\/?p=10776\">Continue reading<\/a><\/p>\n","protected":false},"author":1,"featured_media":0,"comment_status":"closed","ping_status":"open","sticky":false,"template":"","format":"standard","meta":{"footnotes":""},"categories":[6],"tags":[],"class_list":["post-10776","post","type-post","status-publish","format-standard","hentry","category-actualite","nodate","item-wrap"],"_links":{"self":[{"href":"http:\/\/www.rassemblementcitoyen.org\/index.php?rest_route=\/wp\/v2\/posts\/10776","targetHints":{"allow":["GET"]}}],"collection":[{"href":"http:\/\/www.rassemblementcitoyen.org\/index.php?rest_route=\/wp\/v2\/posts"}],"about":[{"href":"http:\/\/www.rassemblementcitoyen.org\/index.php?rest_route=\/wp\/v2\/types\/post"}],"author":[{"embeddable":true,"href":"http:\/\/www.rassemblementcitoyen.org\/index.php?rest_route=\/wp\/v2\/users\/1"}],"replies":[{"embeddable":true,"href":"http:\/\/www.rassemblementcitoyen.org\/index.php?rest_route=%2Fwp%2Fv2%2Fcomments&post=10776"}],"version-history":[{"count":1,"href":"http:\/\/www.rassemblementcitoyen.org\/index.php?rest_route=\/wp\/v2\/posts\/10776\/revisions"}],"predecessor-version":[{"id":10777,"href":"http:\/\/www.rassemblementcitoyen.org\/index.php?rest_route=\/wp\/v2\/posts\/10776\/revisions\/10777"}],"wp:attachment":[{"href":"http:\/\/www.rassemblementcitoyen.org\/index.php?rest_route=%2Fwp%2Fv2%2Fmedia&parent=10776"}],"wp:term":[{"taxonomy":"category","embeddable":true,"href":"http:\/\/www.rassemblementcitoyen.org\/index.php?rest_route=%2Fwp%2Fv2%2Fcategories&post=10776"},{"taxonomy":"post_tag","embeddable":true,"href":"http:\/\/www.rassemblementcitoyen.org\/index.php?rest_route=%2Fwp%2Fv2%2Ftags&post=10776"}],"curies":[{"name":"wp","href":"https:\/\/api.w.org\/{rel}","templated":true}]}}