{"id":10772,"date":"2026-02-09T08:29:36","date_gmt":"2026-02-09T07:29:36","guid":{"rendered":"http:\/\/www.rassemblementcitoyen.org\/?p=10772"},"modified":"2026-02-09T08:29:40","modified_gmt":"2026-02-09T07:29:40","slug":"1977-1978-villeneuve-dascq-le-tournant-dune-nouvelle-ville","status":"publish","type":"post","link":"http:\/\/www.rassemblementcitoyen.org\/?p=10772","title":{"rendered":"1977 \u2013 1978, Villeneuve d\u2019Ascq\u2026\u00a0 \u00ab\u00a0le tournant\u00a0\u00bb d\u2019une\u00a0 \u00ab\u00a0Nouvelle Ville\u00a0\u00bb"},"content":{"rendered":"\n<figure class=\"wp-block-image size-large\"><img loading=\"lazy\" decoding=\"async\" width=\"1024\" height=\"683\" src=\"http:\/\/www.rassemblementcitoyen.org\/wp-content\/uploads\/2026\/02\/villeneuve-dascq_up_5-1024x683.webp\" alt=\"\" class=\"wp-image-10773\" srcset=\"http:\/\/www.rassemblementcitoyen.org\/wp-content\/uploads\/2026\/02\/villeneuve-dascq_up_5-1024x683.webp 1024w, http:\/\/www.rassemblementcitoyen.org\/wp-content\/uploads\/2026\/02\/villeneuve-dascq_up_5-300x200.webp 300w, http:\/\/www.rassemblementcitoyen.org\/wp-content\/uploads\/2026\/02\/villeneuve-dascq_up_5-150x100.webp 150w, http:\/\/www.rassemblementcitoyen.org\/wp-content\/uploads\/2026\/02\/villeneuve-dascq_up_5-768x512.webp 768w, http:\/\/www.rassemblementcitoyen.org\/wp-content\/uploads\/2026\/02\/villeneuve-dascq_up_5-600x400.webp 600w, http:\/\/www.rassemblementcitoyen.org\/wp-content\/uploads\/2026\/02\/villeneuve-dascq_up_5.webp 1200w\" sizes=\"auto, (max-width: 1024px) 100vw, 1024px\" \/><\/figure>\n\n\n\n<p>\u00ab&nbsp;conna\u00eetre le pass\u00e9 ,&nbsp;pour comprendre le pr\u00e9sent et pr\u00e9parer l\u2019avenir\u2026&nbsp;\u00bb<\/p>\n\n\n\n<p><strong>Si\u00a0, le 27 f\u00e9vrier 1970<\/strong>\u00a0,\u00a0<strong>\u00ab\u00a0les longues et riches histoires\u00a0\u00bb des villes de Flers-lez-Lille, d\u2019Annappes et d\u2019Ascq se sont ,\u00a0en quelque sorte , \u00ab\u00a0arr\u00eat\u00e9es\u00a0\u00bb\u00a0du fait de la courageuse d\u00e9cision de leurs \u00e9lu(e)s de l\u2019\u00e9poque de les fusionner pour s\u2019unir au sein d\u2019une\u00a0nouvelle Ville portant le nom\u00a0de Villeneuve d\u2019Ascq<\/strong>\u00a0qui les a reprises en y int\u00e9grant les quartiers et les infrastructures d\u2019une des 9 Villes Nouvelles fran\u00e7aises\u00a0cr\u00e9\u00e9e\u00a0en 1969 par l\u2019Etat\u00a0qu\u2019\u00e9tait alors \u00ab\u00a0Lille -Est\u00a0\u00bb\u00a0 ,\u00a0en lien avec la Communaut\u00e9 Urbaine de Lille, et ce,\u00a0avec un objectif de 120 000 habitants, <strong>mon \u00e9lection le 27 f\u00e9vrier 1976 en tant que Conseiller Municipal suivie en mars 1977 de mon accession au poste de Maire\u00a0<\/strong> m\u2019ont conduit tr\u00e8s vite \u00e0 discuter avec l\u2019\u00c9tat, l\u2019\u00e9quipe municipale sortante n\u2019ayant pas pu voter le Budget\u00a0 1977 de la commune\u00a0.<\/p>\n\n\n\n<p>En contrepartie d\u2019une aide d\u2019Etat ,\u00a0M. D\u2019Ornano, alors\u00a0Ministre, me demanda un engagement\u00a0 de construire\u00a0 2\u00a0500 logements par an (en vue d\u2019atteindre les 120\u00a0000 habitants pr\u00e9vus ) ce que je n\u2019ai pas accept\u00e9 et ce qui nous permet aujourd\u2019hui de compter 1\u00a0000 hectares de surfaces agricoles, d\u2019espaces verts, de zones de nature, de for\u00eats, de lacs et de jardins (sur les 2\u00a0600 hectares de surface de la commune)\u2026\u00a0sans lesquels il n\u2019y aurait pas aujourd\u2019hui de\u00a0\u00ab\u00a0Ville nature et nourrici\u00e8re\u00a0\u00bb\u00a0ni \u2026de quelque \u00ab\u00a0prix de biodiversit\u00e9 \u00ab\u00a0&#8230;<\/p>\n\n\n\n<p><strong>Le Ministre\u00a0est reparti de la Ferme du DUPIRE , si\u00e8ge alors de l\u2019EPALE,\u00a0 pourtant apparemment satisfait de notre rencontre puisqu\u2019il m\u2019avait aussi accord\u00e9 l\u2019am\u00e9nagement d\u2019un mur antibruit v\u00e9g\u00e9talis\u00e9 sur l\u2019essentiel de la RN227 (alors appel\u00e9e Bd du Breucq)<\/strong>.<\/p>\n\n\n\n<p>C\u2019est moi qui ai fait ce choix de mur v\u00e9g\u00e9talis\u00e9 plut\u00f4t qu\u2019un mur en b\u00e9ton pourtant plus imm\u00e9diatement visible\u00a0 ce qui nous permet aujourd\u2019hui une travers\u00e9e de Villeneuve d\u2019Ascq en forme de coul\u00e9e verte\u2026<\/p>\n\n\n\n<p><strong>Ensuite , \u00ab\u00a0il ne suffisait plus qu\u2019\u00e0\u2026.\u00a0\u00bb\u2026\u00a0\u00a0il n\u2019a pu suffit qu\u2019\u00e0\u2026<\/strong> ce que j\u2019ai et que\u00a0nous avons fait en arr\u00eatant la Ville nouvelle de Lille-Est d\u00e8s 1983 en cr\u00e9ant la \u00ab\u00a0Technopole de Villeneuve d\u2019Ascq \u00a0\u00bb\u00a0en 1985 pour arriver aujourd\u2019hui \u00e0 la ville universitaire ,la ville de l\u2019innovation , la ville olympique et la ville et nourrici\u00e8re\u00a0que chacun connait et ne peut honn\u00eatement contester&#8230;<\/p>\n\n\n\n<p><strong>Ce fut pour moi une belle et grande aventure de 50 ans\u00a0men\u00e9e avec de belles \u00e9quipes de tous ordres\u00a0 et\u00a0 les villeneuvois(es)\u00a0 dans leur grande majorit\u00e9,\u00a0<\/strong> <strong>tel un modeste\u00a0\u00ab\u00a0chef\u00a0\u00bb\u00a0 d\u2019orchestre \u2026qui a la chance\u00a0d\u2019avoir\u00a0de bons musiciens\u2026<\/strong> comme disait la m\u00e8re de Napol\u00e9on Bonaparte \u00ab\u00a0pourvu qu\u2019\u00e7a dure\u2026\u00a0\u00bb<\/p>\n\n\n\n<p>5 f\u00e9vrier 2026<\/p>\n","protected":false},"excerpt":{"rendered":"<p>\u00ab&nbsp;conna\u00eetre le pass\u00e9 ,&nbsp;pour comprendre le pr\u00e9sent et pr\u00e9parer l\u2019avenir\u2026&nbsp;\u00bb Si\u00a0, le 27 f\u00e9vrier 1970\u00a0,\u00a0\u00ab\u00a0les longues et riches histoires\u00a0\u00bb des villes de Flers-lez-Lille, d\u2019Annappes et d\u2019Ascq se sont ,\u00a0en quelque sorte , \u00ab\u00a0arr\u00eat\u00e9es\u00a0\u00bb\u00a0du fait de la courageuse d\u00e9cision de leurs \u00e9lu(e)s de l\u2019\u00e9poque de les fusionner pour s\u2019unir au sein d\u2019une\u00a0nouvelle Ville portant le nom\u00a0de &hellip; <\/p>\n<p><a class=\"more-link btn\" href=\"http:\/\/www.rassemblementcitoyen.org\/?p=10772\">Continue reading<\/a><\/p>\n","protected":false},"author":1,"featured_media":10773,"comment_status":"closed","ping_status":"open","sticky":false,"template":"","format":"standard","meta":{"footnotes":""},"categories":[6],"tags":[],"class_list":["post-10772","post","type-post","status-publish","format-standard","has-post-thumbnail","hentry","category-actualite","nodate","item-wrap"],"_links":{"self":[{"href":"http:\/\/www.rassemblementcitoyen.org\/index.php?rest_route=\/wp\/v2\/posts\/10772","targetHints":{"allow":["GET"]}}],"collection":[{"href":"http:\/\/www.rassemblementcitoyen.org\/index.php?rest_route=\/wp\/v2\/posts"}],"about":[{"href":"http:\/\/www.rassemblementcitoyen.org\/index.php?rest_route=\/wp\/v2\/types\/post"}],"author":[{"embeddable":true,"href":"http:\/\/www.rassemblementcitoyen.org\/index.php?rest_route=\/wp\/v2\/users\/1"}],"replies":[{"embeddable":true,"href":"http:\/\/www.rassemblementcitoyen.org\/index.php?rest_route=%2Fwp%2Fv2%2Fcomments&post=10772"}],"version-history":[{"count":2,"href":"http:\/\/www.rassemblementcitoyen.org\/index.php?rest_route=\/wp\/v2\/posts\/10772\/revisions"}],"predecessor-version":[{"id":10775,"href":"http:\/\/www.rassemblementcitoyen.org\/index.php?rest_route=\/wp\/v2\/posts\/10772\/revisions\/10775"}],"wp:featuredmedia":[{"embeddable":true,"href":"http:\/\/www.rassemblementcitoyen.org\/index.php?rest_route=\/wp\/v2\/media\/10773"}],"wp:attachment":[{"href":"http:\/\/www.rassemblementcitoyen.org\/index.php?rest_route=%2Fwp%2Fv2%2Fmedia&parent=10772"}],"wp:term":[{"taxonomy":"category","embeddable":true,"href":"http:\/\/www.rassemblementcitoyen.org\/index.php?rest_route=%2Fwp%2Fv2%2Fcategories&post=10772"},{"taxonomy":"post_tag","embeddable":true,"href":"http:\/\/www.rassemblementcitoyen.org\/index.php?rest_route=%2Fwp%2Fv2%2Ftags&post=10772"}],"curies":[{"name":"wp","href":"https:\/\/api.w.org\/{rel}","templated":true}]}}